{"id":860,"date":"2020-08-24T20:05:19","date_gmt":"2020-08-24T18:05:19","guid":{"rendered":"https:\/\/www.runnertrainer.it\/blog\/?p=860"},"modified":"2020-08-24T21:11:20","modified_gmt":"2020-08-24T19:11:20","slug":"scuola-di-atletica-2020-21","status":"publish","type":"post","link":"https:\/\/www.runnertrainer.it\/blog\/scuoladiatletica\/scuola-di-atletica-2020-21\/","title":{"rendered":"Scuola di Atletica 2020\/21"},"content":{"rendered":"\n<p>Riprendono <strong>mercoled\u00ec 9 Settembre<\/strong> gli allenamenti della Scuola  di Atletica, stagione 2020\/21, destinati ai bambini\/e ed ai ragazzi\/e di et\u00e0 compresa tra i 6 ed i 14 anni.<\/p>\n\n\n\n<p>Gli allenamenti avranno luogo presso il <strong>campo sportivo Gerini<\/strong>, sito in <strong>Via del Quadraro 311<\/strong>, il mercoled\u00ec pomeriggio ed il sabato mattina.<\/p>\n\n\n\n<p>Gli atleti verranno divisi in gruppi in base alla fascia d&#8217;et\u00e0:<\/p>\n\n\n\n<ul><li>6-7 anni, mercoled\u00ec ore 17:00-18:15 e sabato 9:45-11:00<\/li><li>8-10 anni, mercoled\u00ec ore 17:00-18:15 e sabato 9:45-11:00<\/li><li>11-14 anni. mercoled\u00ec ore 15:15-16:30 e sabato 11:30-12:45<\/li><\/ul>\n\n\n\n<p>Per educare e coinvolgere al meglio i bambini ed i ragazzi durante le lezioni, ci avvaliamo di istruttori qualificati, <strong>laureati in scienze motorie<\/strong> e sportive e\/o<strong> tecnici fidal<\/strong>.<\/p>\n\n\n\n<p>Il corso si svolge in maniera ludica e avvicina i partecipanti al mondo dell&#8217;atletica leggera attraverso lo <strong>sviluppo delle capacit\u00e0 coordinative di base, delle capacit\u00e0 fisiche e delle abilit\u00e0 tecniche<\/strong>, tenendo conto delle fasce d&#8217;et\u00e0 degli iscritti e delle esigenze di ogni partecipante.<\/p>\n\n\n\n<p>La Scuola d&#8217;Atletica ha cadenza <strong>bisettimanale,<\/strong> il costo \u00e8 di 300\u20ac + 30\u20ac d&#8217;iscrizione da corrispondere in 3 rate.<\/p>\n\n\n\n<p>Il <strong>monosettimanale <\/strong>ha un costo di 200\u20ac + 30\u20ac d&#8217;iscrizione da corrispondere in 3 rate.<\/p>\n\n\n\n<p>Per i <strong>fratelli<\/strong> \u00e8 previsto uno <strong>sconto del 10%<\/strong> sul totale della quota.<\/p>\n\n\n\n<p><strong>Le prime due lezioni di prova sono gratuite.<\/strong><\/p>\n\n\n\n<p>Le lezioni termineranno sabato 12 Giugno 2021.<\/p>\n\n\n\n<p>Nell&#8217;iscrizione \u00e8 compreso il tesseramento Fidal e la maglia d&#8217;allenamento <a href=\"https:\/\/www.runnertrainer.it\">Runner Trainer.<\/a><\/p>\n\n\n\n<p>Per ulteriori informazioni contattateci al <strong>3281611954<\/strong> o scriveteci su: <strong>runnertraineroma@gmail.com<\/strong> o passate di persona nei giorni d&#8217;allenamento.<\/p>\n\n\n\n<p><\/p>\n","protected":false},"excerpt":{"rendered":"<p>Riprendono mercoled\u00ec 9 Settembre gli allenamenti della Scuola  di Atletica, stagione 2020\/21, destinati ai bambini\/e ed ai ragazzi\/e di et\u00e0 compresa tra i 6 ed i 14 anni.<\/p>\n","protected":false},"author":2,"featured_media":816,"comment_status":"open","ping_status":"open","sticky":true,"template":"","format":"standard","meta":[],"categories":[6,141],"tags":[158,29,156,155,159,157,40],"yoast_head":"<!-- This site is optimized with the Yoast SEO plugin v17.8 - https:\/\/yoast.com\/wordpress\/plugins\/seo\/ -->\n<title>Scuola di Atletica 2020\/21 - blog<\/title>\n<meta name=\"description\" content=\"Riprendono mercoled\u00ec 9 Settembre gli allenamenti della Scuola di Atletica, stagione 2020\/21, destinati ai bambini\/e ed ai ragazzi\/e di et\u00e0 compresa tra i 6 ed i 14 anni.\" \/>\n<meta name=\"robots\" content=\"index, follow, max-snippet:-1, max-image-preview:large, max-video-preview:-1\" \/>\n<link rel=\"canonical\" href=\"https:\/\/www.runnertrainer.it\/blog\/scuoladiatletica\/scuola-di-atletica-2020-21\/\" \/>\n<meta property=\"og:locale\" content=\"it_IT\" \/>\n<meta property=\"og:type\" content=\"article\" \/>\n<meta property=\"og:title\" content=\"Scuola di Atletica 2020\/21 - blog\" \/>\n<meta property=\"og:description\" content=\"Riprendono mercoled\u00ec 9 Settembre gli allenamenti della Scuola di Atletica, stagione 2020\/21, destinati ai bambini\/e ed ai ragazzi\/e di et\u00e0 compresa tra i 6 ed i 14 anni.\" \/>\n<meta property=\"og:url\" content=\"https:\/\/www.runnertrainer.it\/blog\/scuoladiatletica\/scuola-di-atletica-2020-21\/\" \/>\n<meta property=\"og:site_name\" content=\"blog\" \/>\n<meta property=\"article:published_time\" content=\"2020-08-24T18:05:19+00:00\" \/>\n<meta property=\"article:modified_time\" content=\"2020-08-24T19:11:20+00:00\" \/>\n<meta property=\"og:image\" content=\"https:\/\/www.runnertrainer.it\/blog\/wp-content\/uploads\/2020\/05\/copertina-video-youtube.jpeg\" \/>\n\t<meta property=\"og:image:width\" content=\"1280\" \/>\n\t<meta property=\"og:image:height\" content=\"720\" \/>\n<meta name=\"twitter:card\" content=\"summary_large_image\" \/>\n<meta name=\"twitter:label1\" content=\"Scritto da\" \/>\n\t<meta name=\"twitter:data1\" content=\"ahmirchetti\" \/>\n\t<meta name=\"twitter:label2\" content=\"Tempo di lettura stimato\" \/>\n\t<meta name=\"twitter:data2\" content=\"1 minuto\" \/>\n<script type=\"application\/ld+json\" class=\"yoast-schema-graph\">{\"@context\":\"https:\/\/schema.org\",\"@graph\":[{\"@type\":\"WebSite\",\"@id\":\"https:\/\/www.runnertrainer.it\/blog\/#website\",\"url\":\"https:\/\/www.runnertrainer.it\/blog\/\",\"name\":\"blog\",\"description\":\"\",\"potentialAction\":[{\"@type\":\"SearchAction\",\"target\":{\"@type\":\"EntryPoint\",\"urlTemplate\":\"https:\/\/www.runnertrainer.it\/blog\/?s={search_term_string}\"},\"query-input\":\"required name=search_term_string\"}],\"inLanguage\":\"it-IT\"},{\"@type\":\"ImageObject\",\"@id\":\"https:\/\/www.runnertrainer.it\/blog\/scuoladiatletica\/scuola-di-atletica-2020-21\/#primaryimage\",\"inLanguage\":\"it-IT\",\"url\":\"https:\/\/www.runnertrainer.it\/blog\/wp-content\/uploads\/2020\/05\/copertina-video-youtube.jpeg\",\"contentUrl\":\"https:\/\/www.runnertrainer.it\/blog\/wp-content\/uploads\/2020\/05\/copertina-video-youtube.jpeg\",\"width\":1280,\"height\":720},{\"@type\":\"WebPage\",\"@id\":\"https:\/\/www.runnertrainer.it\/blog\/scuoladiatletica\/scuola-di-atletica-2020-21\/#webpage\",\"url\":\"https:\/\/www.runnertrainer.it\/blog\/scuoladiatletica\/scuola-di-atletica-2020-21\/\",\"name\":\"Scuola di Atletica 2020\/21 - blog\",\"isPartOf\":{\"@id\":\"https:\/\/www.runnertrainer.it\/blog\/#website\"},\"primaryImageOfPage\":{\"@id\":\"https:\/\/www.runnertrainer.it\/blog\/scuoladiatletica\/scuola-di-atletica-2020-21\/#primaryimage\"},\"datePublished\":\"2020-08-24T18:05:19+00:00\",\"dateModified\":\"2020-08-24T19:11:20+00:00\",\"author\":{\"@id\":\"https:\/\/www.runnertrainer.it\/blog\/#\/schema\/person\/1f126f4f9bf99c8916e9b9997386e70c\"},\"description\":\"Riprendono mercoled\\u00ec 9 Settembre gli allenamenti della Scuola di Atletica, stagione 2020\/21, destinati ai bambini\/e ed ai ragazzi\/e di et\\u00e0 compresa tra i 6 ed i 14 anni.\",\"breadcrumb\":{\"@id\":\"https:\/\/www.runnertrainer.it\/blog\/scuoladiatletica\/scuola-di-atletica-2020-21\/#breadcrumb\"},\"inLanguage\":\"it-IT\",\"potentialAction\":[{\"@type\":\"ReadAction\",\"target\":[\"https:\/\/www.runnertrainer.it\/blog\/scuoladiatletica\/scuola-di-atletica-2020-21\/\"]}]},{\"@type\":\"BreadcrumbList\",\"@id\":\"https:\/\/www.runnertrainer.it\/blog\/scuoladiatletica\/scuola-di-atletica-2020-21\/#breadcrumb\",\"itemListElement\":[{\"@type\":\"ListItem\",\"position\":1,\"name\":\"Home\",\"item\":\"https:\/\/www.runnertrainer.it\/blog\/\"},{\"@type\":\"ListItem\",\"position\":2,\"name\":\"Scuola di Atletica 2020\/21\"}]},{\"@type\":\"Person\",\"@id\":\"https:\/\/www.runnertrainer.it\/blog\/#\/schema\/person\/1f126f4f9bf99c8916e9b9997386e70c\",\"name\":\"ahmirchetti\",\"image\":{\"@type\":\"ImageObject\",\"@id\":\"https:\/\/www.runnertrainer.it\/blog\/#personlogo\",\"inLanguage\":\"it-IT\",\"url\":\"https:\/\/secure.gravatar.com\/avatar\/61c139065a9920b32b2c6311ab6a7ad0?s=96&d=mm&r=g\",\"contentUrl\":\"https:\/\/secure.gravatar.com\/avatar\/61c139065a9920b32b2c6311ab6a7ad0?s=96&d=mm&r=g\",\"caption\":\"ahmirchetti\"},\"url\":\"https:\/\/www.runnertrainer.it\/blog\/author\/ahmirchetti\/\"}]}<\/script>\n<!-- \/ Yoast SEO plugin. -->","yoast_head_json":{"title":"Scuola di Atletica 2020\/21 - blog","description":"Riprendono mercoled\u00ec 9 Settembre gli allenamenti della Scuola di Atletica, stagione 2020\/21, destinati ai bambini\/e ed ai ragazzi\/e di et\u00e0 compresa tra i 6 ed i 14 anni.","robots":{"index":"index","follow":"follow","max-snippet":"max-snippet:-1","max-image-preview":"max-image-preview:large","max-video-preview":"max-video-preview:-1"},"canonical":"https:\/\/www.runnertrainer.it\/blog\/scuoladiatletica\/scuola-di-atletica-2020-21\/","og_locale":"it_IT","og_type":"article","og_title":"Scuola di Atletica 2020\/21 - blog","og_description":"Riprendono mercoled\u00ec 9 Settembre gli allenamenti della Scuola di Atletica, stagione 2020\/21, destinati ai bambini\/e ed ai ragazzi\/e di et\u00e0 compresa tra i 6 ed i 14 anni.","og_url":"https:\/\/www.runnertrainer.it\/blog\/scuoladiatletica\/scuola-di-atletica-2020-21\/","og_site_name":"blog","article_published_time":"2020-08-24T18:05:19+00:00","article_modified_time":"2020-08-24T19:11:20+00:00","og_image":[{"width":1280,"height":720,"url":"https:\/\/www.runnertrainer.it\/blog\/wp-content\/uploads\/2020\/05\/copertina-video-youtube.jpeg","type":"image\/jpeg"}],"twitter_card":"summary_large_image","twitter_misc":{"Scritto da":"ahmirchetti","Tempo di lettura stimato":"1 minuto"},"schema":{"@context":"https:\/\/schema.org","@graph":[{"@type":"WebSite","@id":"https:\/\/www.runnertrainer.it\/blog\/#website","url":"https:\/\/www.runnertrainer.it\/blog\/","name":"blog","description":"","potentialAction":[{"@type":"SearchAction","target":{"@type":"EntryPoint","urlTemplate":"https:\/\/www.runnertrainer.it\/blog\/?s={search_term_string}"},"query-input":"required name=search_term_string"}],"inLanguage":"it-IT"},{"@type":"ImageObject","@id":"https:\/\/www.runnertrainer.it\/blog\/scuoladiatletica\/scuola-di-atletica-2020-21\/#primaryimage","inLanguage":"it-IT","url":"https:\/\/www.runnertrainer.it\/blog\/wp-content\/uploads\/2020\/05\/copertina-video-youtube.jpeg","contentUrl":"https:\/\/www.runnertrainer.it\/blog\/wp-content\/uploads\/2020\/05\/copertina-video-youtube.jpeg","width":1280,"height":720},{"@type":"WebPage","@id":"https:\/\/www.runnertrainer.it\/blog\/scuoladiatletica\/scuola-di-atletica-2020-21\/#webpage","url":"https:\/\/www.runnertrainer.it\/blog\/scuoladiatletica\/scuola-di-atletica-2020-21\/","name":"Scuola di Atletica 2020\/21 - blog","isPartOf":{"@id":"https:\/\/www.runnertrainer.it\/blog\/#website"},"primaryImageOfPage":{"@id":"https:\/\/www.runnertrainer.it\/blog\/scuoladiatletica\/scuola-di-atletica-2020-21\/#primaryimage"},"datePublished":"2020-08-24T18:05:19+00:00","dateModified":"2020-08-24T19:11:20+00:00","author":{"@id":"https:\/\/www.runnertrainer.it\/blog\/#\/schema\/person\/1f126f4f9bf99c8916e9b9997386e70c"},"description":"Riprendono mercoled\u00ec 9 Settembre gli allenamenti della Scuola di Atletica, stagione 2020\/21, destinati ai bambini\/e ed ai ragazzi\/e di et\u00e0 compresa tra i 6 ed i 14 anni.","breadcrumb":{"@id":"https:\/\/www.runnertrainer.it\/blog\/scuoladiatletica\/scuola-di-atletica-2020-21\/#breadcrumb"},"inLanguage":"it-IT","potentialAction":[{"@type":"ReadAction","target":["https:\/\/www.runnertrainer.it\/blog\/scuoladiatletica\/scuola-di-atletica-2020-21\/"]}]},{"@type":"BreadcrumbList","@id":"https:\/\/www.runnertrainer.it\/blog\/scuoladiatletica\/scuola-di-atletica-2020-21\/#breadcrumb","itemListElement":[{"@type":"ListItem","position":1,"name":"Home","item":"https:\/\/www.runnertrainer.it\/blog\/"},{"@type":"ListItem","position":2,"name":"Scuola di Atletica 2020\/21"}]},{"@type":"Person","@id":"https:\/\/www.runnertrainer.it\/blog\/#\/schema\/person\/1f126f4f9bf99c8916e9b9997386e70c","name":"ahmirchetti","image":{"@type":"ImageObject","@id":"https:\/\/www.runnertrainer.it\/blog\/#personlogo","inLanguage":"it-IT","url":"https:\/\/secure.gravatar.com\/avatar\/61c139065a9920b32b2c6311ab6a7ad0?s=96&d=mm&r=g","contentUrl":"https:\/\/secure.gravatar.com\/avatar\/61c139065a9920b32b2c6311ab6a7ad0?s=96&d=mm&r=g","caption":"ahmirchetti"},"url":"https:\/\/www.runnertrainer.it\/blog\/author\/ahmirchetti\/"}]}},"wps_subtitle":"","_links":{"self":[{"href":"https:\/\/www.runnertrainer.it\/blog\/wp-json\/wp\/v2\/posts\/860"}],"collection":[{"href":"https:\/\/www.runnertrainer.it\/blog\/wp-json\/wp\/v2\/posts"}],"about":[{"href":"https:\/\/www.runnertrainer.it\/blog\/wp-json\/wp\/v2\/types\/post"}],"author":[{"embeddable":true,"href":"https:\/\/www.runnertrainer.it\/blog\/wp-json\/wp\/v2\/users\/2"}],"replies":[{"embeddable":true,"href":"https:\/\/www.runnertrainer.it\/blog\/wp-json\/wp\/v2\/comments?post=860"}],"version-history":[{"count":6,"href":"https:\/\/www.runnertrainer.it\/blog\/wp-json\/wp\/v2\/posts\/860\/revisions"}],"predecessor-version":[{"id":868,"href":"https:\/\/www.runnertrainer.it\/blog\/wp-json\/wp\/v2\/posts\/860\/revisions\/868"}],"wp:featuredmedia":[{"embeddable":true,"href":"https:\/\/www.runnertrainer.it\/blog\/wp-json\/wp\/v2\/media\/816"}],"wp:attachment":[{"href":"https:\/\/www.runnertrainer.it\/blog\/wp-json\/wp\/v2\/media?parent=860"}],"wp:term":[{"taxonomy":"category","embeddable":true,"href":"https:\/\/www.runnertrainer.it\/blog\/wp-json\/wp\/v2\/categories?post=860"},{"taxonomy":"post_tag","embeddable":true,"href":"https:\/\/www.runnertrainer.it\/blog\/wp-json\/wp\/v2\/tags?post=860"}],"curies":[{"name":"wp","href":"https:\/\/api.w.org\/{rel}","templated":true}]}}